{"id":2206,"date":"2024-02-23T18:09:17","date_gmt":"2024-02-23T21:09:17","guid":{"rendered":"https:\/\/stimaenergia.com.br\/?p=2206"},"modified":"2024-02-23T18:09:17","modified_gmt":"2024-02-23T21:09:17","slug":"consumo-nacional-de-energia-eletrica-cresce-66-em-janeiro","status":"publish","type":"post","link":"https:\/\/stimaenergia.com.br\/index.php\/consumo-nacional-de-energia-eletrica-cresce-66-em-janeiro\/","title":{"rendered":"Consumo nacional de energia el\u00e9trica cresce 6,6% em janeiro"},"content":{"rendered":"<p><img loading=\"lazy\" class=\"aligncenter wp-image-1987 size-full\" src=\"https:\/\/stimaenergia.com.br\/wp-content\/uploads\/2022\/12\/shutterstock_1781316767.jpg\" alt=\"\" width=\"1000\" height=\"667\" srcset=\"https:\/\/stimaenergia.com.br\/wp-content\/uploads\/2022\/12\/shutterstock_1781316767.jpg 1000w, https:\/\/stimaenergia.com.br\/wp-content\/uploads\/2022\/12\/shutterstock_1781316767-352x235.jpg 352w, https:\/\/stimaenergia.com.br\/wp-content\/uploads\/2022\/12\/shutterstock_1781316767-768x512.jpg 768w, https:\/\/stimaenergia.com.br\/wp-content\/uploads\/2022\/12\/shutterstock_1781316767-219x146.jpg 219w, https:\/\/stimaenergia.com.br\/wp-content\/uploads\/2022\/12\/shutterstock_1781316767-50x33.jpg 50w, https:\/\/stimaenergia.com.br\/wp-content\/uploads\/2022\/12\/shutterstock_1781316767-112x75.jpg 112w\" sizes=\"(max-width: 1000px) 100vw, 1000px\" \/><\/p>\n<p>O consumo nacional de energia el\u00e9trica totalizou\u00a0<strong>71.200 megawatts-m\u00e9dios (MWmed)<\/strong>\u00a0em janeiro, registrando um crescimento de 6,6% em compara\u00e7\u00e3o com o mesmo per\u00edodo de 2023, conforme dados preliminares da\u00a0<strong>CCEE (C\u00e2mara de Comercializa\u00e7\u00e3o de Energia El\u00e9trica)<\/strong>.<\/p>\n<p>A temperatura segue interferindo na\u00a0<strong>demanda de eletricidade<\/strong>, por\u00e9m o desempenho da ind\u00fastria tamb\u00e9m contribuiu para o resultado.<\/p>\n<p>Confira a mat\u00e9ria completa no <a href=\"https:\/\/canalsolar.com.br\/consumo-nacional-de-energia-eletrica-cresce-66-em-janeiro\/\">Canal Solar.<\/a><\/p>\n","protected":false},"excerpt":{"rendered":"<p>O consumo nacional de energia el\u00e9trica totalizou\u00a071.200 megawatts-m\u00e9dios (MWmed)\u00a0em janeiro,<span class=\"excerpt-hellip\"> [\u2026]<\/span><\/p>\n","protected":false},"author":20439,"featured_media":1987,"comment_status":"closed","ping_status":"closed","sticky":false,"template":"","format":"standard","meta":[],"categories":[25],"tags":[61,57,37,73,121,69,39,41,87,215],"yoast_head":"<!-- This site is optimized with the Yoast SEO plugin v15.3 - https:\/\/yoast.com\/wordpress\/plugins\/seo\/ -->\n<title>Consumo nacional de energia el\u00e9trica cresce 6,6% em janeiro - Stima Energia<\/title>\n<meta name=\"robots\" content=\"index, follow, max-snippet:-1, max-image-preview:large, max-video-preview:-1\" \/>\n<link rel=\"canonical\" href=\"https:\/\/stimaenergia.com.br\/index.php\/consumo-nacional-de-energia-eletrica-cresce-66-em-janeiro\/\" \/>\n<meta property=\"og:locale\" content=\"pt_BR\" \/>\n<meta property=\"og:type\" content=\"article\" \/>\n<meta property=\"og:title\" content=\"Consumo nacional de energia el\u00e9trica cresce 6,6% em janeiro - Stima Energia\" \/>\n<meta property=\"og:description\" content=\"O consumo nacional de energia el\u00e9trica totalizou\u00a071.200 megawatts-m\u00e9dios (MWmed)\u00a0em janeiro, [\u2026]\" \/>\n<meta property=\"og:url\" content=\"https:\/\/stimaenergia.com.br\/index.php\/consumo-nacional-de-energia-eletrica-cresce-66-em-janeiro\/\" \/>\n<meta property=\"og:site_name\" content=\"Stima Energia\" \/>\n<meta property=\"article:published_time\" content=\"2024-02-23T21:09:17+00:00\" \/>\n<meta property=\"og:image\" content=\"https:\/\/stimaenergia.com.br\/wp-content\/uploads\/2022\/12\/shutterstock_1781316767.jpg\" \/>\n\t<meta property=\"og:image:width\" content=\"1000\" \/>\n\t<meta property=\"og:image:height\" content=\"667\" \/>\n<meta name=\"twitter:card\" content=\"summary_large_image\" \/>\n<meta name=\"twitter:label1\" content=\"Written by\">\n\t<meta name=\"twitter:data1\" content=\"heloisa.pereira@sp4com.com.br Pereira\">\n\t<meta name=\"twitter:label2\" content=\"Est. reading time\">\n\t<meta name=\"twitter:data2\" content=\"0 minuto\">\n<script type=\"application\/ld+json\" class=\"yoast-schema-graph\">{\"@context\":\"https:\/\/schema.org\",\"@graph\":[{\"@type\":\"WebSite\",\"@id\":\"https:\/\/stimaenergia.com.br\/#website\",\"url\":\"https:\/\/stimaenergia.com.br\/\",\"name\":\"Stima Energia\",\"description\":\"Comercializa\\u00e7\\u00e3o de Energia - Mercado Livre de Energia\",\"potentialAction\":[{\"@type\":\"SearchAction\",\"target\":\"https:\/\/stimaenergia.com.br\/?s={search_term_string}\",\"query-input\":\"required name=search_term_string\"}],\"inLanguage\":\"pt-BR\"},{\"@type\":\"ImageObject\",\"@id\":\"https:\/\/stimaenergia.com.br\/index.php\/consumo-nacional-de-energia-eletrica-cresce-66-em-janeiro\/#primaryimage\",\"inLanguage\":\"pt-BR\",\"url\":\"https:\/\/stimaenergia.com.br\/wp-content\/uploads\/2022\/12\/shutterstock_1781316767.jpg\",\"width\":1000,\"height\":667},{\"@type\":\"WebPage\",\"@id\":\"https:\/\/stimaenergia.com.br\/index.php\/consumo-nacional-de-energia-eletrica-cresce-66-em-janeiro\/#webpage\",\"url\":\"https:\/\/stimaenergia.com.br\/index.php\/consumo-nacional-de-energia-eletrica-cresce-66-em-janeiro\/\",\"name\":\"Consumo nacional de energia el\\u00e9trica cresce 6,6% em janeiro - Stima Energia\",\"isPartOf\":{\"@id\":\"https:\/\/stimaenergia.com.br\/#website\"},\"primaryImageOfPage\":{\"@id\":\"https:\/\/stimaenergia.com.br\/index.php\/consumo-nacional-de-energia-eletrica-cresce-66-em-janeiro\/#primaryimage\"},\"datePublished\":\"2024-02-23T21:09:17+00:00\",\"dateModified\":\"2024-02-23T21:09:17+00:00\",\"author\":{\"@id\":\"https:\/\/stimaenergia.com.br\/#\/schema\/person\/cb3dc33d9887bbb1003da1853d6c2748\"},\"inLanguage\":\"pt-BR\",\"potentialAction\":[{\"@type\":\"ReadAction\",\"target\":[\"https:\/\/stimaenergia.com.br\/index.php\/consumo-nacional-de-energia-eletrica-cresce-66-em-janeiro\/\"]}]},{\"@type\":\"Person\",\"@id\":\"https:\/\/stimaenergia.com.br\/#\/schema\/person\/cb3dc33d9887bbb1003da1853d6c2748\",\"name\":\"heloisa.pereira@sp4com.com.br Pereira\",\"image\":{\"@type\":\"ImageObject\",\"@id\":\"https:\/\/stimaenergia.com.br\/#personlogo\",\"inLanguage\":\"pt-BR\",\"url\":\"https:\/\/secure.gravatar.com\/avatar\/901fd49484f7d7d2dde23e8aaae0580f?s=96&d=mm&r=g\",\"caption\":\"heloisa.pereira@sp4com.com.br Pereira\"}}]}<\/script>\n<!-- \/ Yoast SEO plugin. -->","_links":{"self":[{"href":"https:\/\/stimaenergia.com.br\/index.php\/wp-json\/wp\/v2\/posts\/2206"}],"collection":[{"href":"https:\/\/stimaenergia.com.br\/index.php\/wp-json\/wp\/v2\/posts"}],"about":[{"href":"https:\/\/stimaenergia.com.br\/index.php\/wp-json\/wp\/v2\/types\/post"}],"author":[{"embeddable":true,"href":"https:\/\/stimaenergia.com.br\/index.php\/wp-json\/wp\/v2\/users\/20439"}],"replies":[{"embeddable":true,"href":"https:\/\/stimaenergia.com.br\/index.php\/wp-json\/wp\/v2\/comments?post=2206"}],"version-history":[{"count":1,"href":"https:\/\/stimaenergia.com.br\/index.php\/wp-json\/wp\/v2\/posts\/2206\/revisions"}],"predecessor-version":[{"id":2207,"href":"https:\/\/stimaenergia.com.br\/index.php\/wp-json\/wp\/v2\/posts\/2206\/revisions\/2207"}],"wp:featuredmedia":[{"embeddable":true,"href":"https:\/\/stimaenergia.com.br\/index.php\/wp-json\/wp\/v2\/media\/1987"}],"wp:attachment":[{"href":"https:\/\/stimaenergia.com.br\/index.php\/wp-json\/wp\/v2\/media?parent=2206"}],"wp:term":[{"taxonomy":"category","embeddable":true,"href":"https:\/\/stimaenergia.com.br\/index.php\/wp-json\/wp\/v2\/categories?post=2206"},{"taxonomy":"post_tag","embeddable":true,"href":"https:\/\/stimaenergia.com.br\/index.php\/wp-json\/wp\/v2\/tags?post=2206"}],"curies":[{"name":"wp","href":"https:\/\/api.w.org\/{rel}","templated":true}]}}